{"id":1104,"date":"2021-10-25T15:44:08","date_gmt":"2021-10-25T20:44:08","guid":{"rendered":"http:\/\/www.ecokaban.org\/blog\/?p=1104"},"modified":"2022-05-19T19:37:27","modified_gmt":"2022-05-20T00:37:27","slug":"dia-del-murcielago","status":"publish","type":"post","link":"https:\/\/www.ecokaban.org\/blog\/news\/dia-del-murcielago\/","title":{"rendered":"D\u00eda del Murci\u00e9lago"},"content":{"rendered":"\t\t<div data-elementor-type=\"wp-post\" data-elementor-id=\"1104\" class=\"elementor elementor-1104\">\n\t\t\t\t\t\t\t\t\t<section class=\"elementor-section elementor-top-section elementor-element elementor-element-1b263ff elementor-section-boxed elementor-section-height-default elementor-section-height-default\" data-id=\"1b263ff\" data-element_type=\"section\">\n\t\t\t\t\t\t<div class=\"elementor-container elementor-column-gap-default\">\n\t\t\t\t\t<div class=\"elementor-column elementor-col-100 elementor-top-column elementor-element elementor-element-7c0aa42\" data-id=\"7c0aa42\" data-element_type=\"column\">\n\t\t\t<div class=\"elementor-widget-wrap elementor-element-populated\">\n\t\t\t\t\t\t\t\t<div class=\"elementor-element elementor-element-9a2291f elementor-widget elementor-widget-text-editor\" data-id=\"9a2291f\" data-element_type=\"widget\" data-widget_type=\"text-editor.default\">\n\t\t\t\t<div class=\"elementor-widget-container\">\n\t\t\t<style>\/*! elementor - v3.6.5 - 27-04-2022 *\/\n.elementor-widget-text-editor.elementor-drop-cap-view-stacked .elementor-drop-cap{background-color:#818a91;color:#fff}.elementor-widget-text-editor.elementor-drop-cap-view-framed .elementor-drop-cap{color:#818a91;border:3px solid;background-color:transparent}.elementor-widget-text-editor:not(.elementor-drop-cap-view-default) .elementor-drop-cap{margin-top:8px}.elementor-widget-text-editor:not(.elementor-drop-cap-view-default) .elementor-drop-cap-letter{width:1em;height:1em}.elementor-widget-text-editor .elementor-drop-cap{float:left;text-align:center;line-height:1;font-size:50px}.elementor-widget-text-editor .elementor-drop-cap-letter{display:inline-block}<\/style>\t\t\t\t<p class=\"MsoNormal\"><span style=\"font-size: 12.0pt; font-family: 'Arial',sans-serif;\">D\u00eda del Murci\u00e9lago<\/span><\/p><p class=\"MsoNormal\"><span style=\"font-size: 12.0pt; font-family: 'Arial',sans-serif;\">Eco Kaban,\u00a0<\/span><span style=\"font-family: Arial, sans-serif; font-size: 12pt; color: var( --e-global-color-text );\">25 de Octubre de 2021.<\/span><\/p><p class=\"MsoNormal\"><span style=\"font-size: 12.0pt; font-family: 'Arial',sans-serif;\">Hola! Octubre es el mes del murci\u00e9lago! Y para celebrar y reconocer la importancia de estos animales ha comenzado la Murci-Semana M\u00e9xico 2021, un evento en el que de manera completamente gratuita pueden acceder a conferencias, actividades l\u00fadicas, paneles y mucho m\u00e1s! <\/span><\/p><p class=\"MsoNormal\"><span style=\"font-size: 12.0pt; font-family: 'Arial',sans-serif;\">\u00a0<\/span><span style=\"font-family: Arial, sans-serif; font-size: 12pt; color: var( --e-global-color-text );\">Dense una vuelta a la p\u00e1gina oficial del evento y echen un ojo a todas las actividades programadas!<\/span><\/p><p class=\"MsoNormal\"><span style=\"font-size: 12.0pt; font-family: 'Arial',sans-serif;\">#murcisemana2021<\/span><\/p><p class=\"MsoNormal\"><span style=\"font-family: Arial, sans-serif; font-size: 12pt; color: var( --e-global-color-text );\">#Batweek<\/span><\/p><p class=\"MsoNormal\"><span style=\"font-size: 12.0pt; font-family: 'Arial',sans-serif;\">#murcielagosmexicanos<\/span><\/p><p class=\"MsoNormal\"><span style=\"font-size: 12.0pt; font-family: 'Arial',sans-serif;\">#Murcielagosdetlaxcala<\/span><\/p><p class=\"MsoNormal\"><span style=\"font-size: 12.0pt; font-family: 'Arial',sans-serif;\">#BCI<\/span><\/p><p class=\"MsoNormal\"><span style=\"font-size: 12.0pt; font-family: 'Arial',sans-serif;\">#AsociacionMexicanadeMastozoologia<\/span><\/p><p class=\"MsoNormal\"><span style=\"font-size: 12.0pt; font-family: 'Arial',sans-serif;\">#Ecoydes<\/span><\/p><p>\u00a0<\/p><p class=\"MsoNormal\"><span style=\"font-size: 12.0pt; font-family: 'Arial',sans-serif;\">#murcielagosenmexic<\/span><\/p>\t\t\t\t\t\t<\/div>\n\t\t\t\t<\/div>\n\t\t\t\t\t<\/div>\n\t\t<\/div>\n\t\t\t\t\t\t\t<\/div>\n\t\t<\/section>\n\t\t\t\t\t\t\t<\/div>\n\t\t","protected":false},"excerpt":{"rendered":"<p>D\u00eda del Murci\u00e9lago Eco Kaban,&nbsp;25 de Octubre de 2021. Hola! Octubre es el mes del murci\u00e9lago! Y para celebrar y<\/p>\n","protected":false},"author":2,"featured_media":1106,"comment_status":"closed","ping_status":"closed","sticky":false,"template":"","format":"standard","meta":{"footnotes":""},"categories":[11],"tags":[],"class_list":["post-1104","post","type-post","status-publish","format-standard","has-post-thumbnail","hentry","category-news"],"_links":{"self":[{"href":"https:\/\/www.ecokaban.org\/blog\/wp-json\/wp\/v2\/posts\/1104","targetHints":{"allow":["GET"]}}],"collection":[{"href":"https:\/\/www.ecokaban.org\/blog\/wp-json\/wp\/v2\/posts"}],"about":[{"href":"https:\/\/www.ecokaban.org\/blog\/wp-json\/wp\/v2\/types\/post"}],"author":[{"embeddable":true,"href":"https:\/\/www.ecokaban.org\/blog\/wp-json\/wp\/v2\/users\/2"}],"replies":[{"embeddable":true,"href":"https:\/\/www.ecokaban.org\/blog\/wp-json\/wp\/v2\/comments?post=1104"}],"version-history":[{"count":5,"href":"https:\/\/www.ecokaban.org\/blog\/wp-json\/wp\/v2\/posts\/1104\/revisions"}],"predecessor-version":[{"id":1110,"href":"https:\/\/www.ecokaban.org\/blog\/wp-json\/wp\/v2\/posts\/1104\/revisions\/1110"}],"wp:featuredmedia":[{"embeddable":true,"href":"https:\/\/www.ecokaban.org\/blog\/wp-json\/wp\/v2\/media\/1106"}],"wp:attachment":[{"href":"https:\/\/www.ecokaban.org\/blog\/wp-json\/wp\/v2\/media?parent=1104"}],"wp:term":[{"taxonomy":"category","embeddable":true,"href":"https:\/\/www.ecokaban.org\/blog\/wp-json\/wp\/v2\/categories?post=1104"},{"taxonomy":"post_tag","embeddable":true,"href":"https:\/\/www.ecokaban.org\/blog\/wp-json\/wp\/v2\/tags?post=1104"}],"curies":[{"name":"wp","href":"https:\/\/api.w.org\/{rel}","templated":true}]}}